{"id":11666,"date":"2026-01-26T10:25:51","date_gmt":"2026-01-26T09:25:51","guid":{"rendered":"https:\/\/mairie-manigod.fr\/?p=11666"},"modified":"2026-01-26T10:25:51","modified_gmt":"2026-01-26T09:25:51","slug":"deneigement-un-geste-citoyen-pour-la-securite-de-tous","status":"publish","type":"post","link":"https:\/\/mairie-manigod.fr\/index.php\/2026\/01\/26\/deneigement-un-geste-citoyen-pour-la-securite-de-tous\/","title":{"rendered":"D\u00e9neigement : un geste citoyen pour la s\u00e9curit\u00e9 de tous"},"content":{"rendered":"\n<p>En p\u00e9riode hivernale, chacun est invit\u00e9 \u00e0 d\u00e9neiger devant son habitation. Nous rappelons toutefois qu\u2019il est <strong>strictement interdit de rejeter la neige sur la chauss\u00e9e<\/strong>.<\/p>\n\n\n\n<p>Cette pratique repr\u00e9sente un <strong>danger r\u00e9el pour la circulation<\/strong>, en augmentant les risques de glissade et d\u2019accident pour les automobilistes et les pi\u00e9tons.<\/p>\n\n\n\n<p>Par ailleurs, les <strong>services municipaux interviennent quotidiennement pour assurer la viabilit\u00e9 et la s\u00e9curit\u00e9 des routes<\/strong>. Lorsque la neige est remise sur la chauss\u00e9e apr\u00e8s leur passage, les conditions de circulation se d\u00e9gradent \u00e0 nouveau.<\/p>\n\n\n\n<p>Nous comptons sur le <strong>civisme et le respect du travail des agents communaux<\/strong>, qui \u0153uvrent dans des conditions parfois difficiles pour la s\u00e9curit\u00e9 de tous.<\/p>\n\n\n\n<p>Merci \u00e0 chacun d\u2019adopter les bons gestes et de contribuer \u00e0 un hiver plus s\u00fbr dans notre commune.<\/p>\n","protected":false},"excerpt":{"rendered":"<p>En p\u00e9riode hivernale, chacun est invit\u00e9 \u00e0 d\u00e9neiger devant son habitation. Nous rappelons toutefois qu\u2019il est strictement interdit de rejeter la neige sur la chauss\u00e9e. Cette pratique repr\u00e9sente un danger r\u00e9el pour la circulation, en augmentant les risques de glissade et d\u2019accident pour les automobilistes et les pi\u00e9tons. Par ailleurs, les services municipaux interviennent quotidiennement [&hellip;]<\/p>\n","protected":false},"author":4,"featured_media":11667,"comment_status":"closed","ping_status":"closed","sticky":false,"template":"","format":"standard","meta":{"footnotes":""},"categories":[1],"tags":[],"class_list":["post-11666","post","type-post","status-publish","format-standard","has-post-thumbnail","hentry","category-non-classe"],"yoast_head":"<!-- This site is optimized with the Yoast SEO plugin v20.13 - https:\/\/yoast.com\/wordpress\/plugins\/seo\/ -->\n<title>D\u00e9neigement : un geste citoyen pour la s\u00e9curit\u00e9 de tous - Mairie de Manigod<\/title>\n<meta name=\"robots\" content=\"index, follow, max-snippet:-1, max-image-preview:large, max-video-preview:-1\" \/>\n<link rel=\"canonical\" href=\"https:\/\/mairie-manigod.fr\/index.php\/2026\/01\/26\/deneigement-un-geste-citoyen-pour-la-securite-de-tous\/\" \/>\n<meta property=\"og:locale\" content=\"fr_FR\" \/>\n<meta property=\"og:type\" content=\"article\" \/>\n<meta property=\"og:title\" content=\"D\u00e9neigement : un geste citoyen pour la s\u00e9curit\u00e9 de tous - Mairie de Manigod\" \/>\n<meta property=\"og:description\" content=\"En p\u00e9riode hivernale, chacun est invit\u00e9 \u00e0 d\u00e9neiger devant son habitation. Nous rappelons toutefois qu\u2019il est strictement interdit de rejeter la neige sur la chauss\u00e9e. Cette pratique repr\u00e9sente un danger r\u00e9el pour la circulation, en augmentant les risques de glissade et d\u2019accident pour les automobilistes et les pi\u00e9tons. Par ailleurs, les services municipaux interviennent quotidiennement [&hellip;]\" \/>\n<meta property=\"og:url\" content=\"https:\/\/mairie-manigod.fr\/index.php\/2026\/01\/26\/deneigement-un-geste-citoyen-pour-la-securite-de-tous\/\" \/>\n<meta property=\"og:site_name\" content=\"Mairie de Manigod\" \/>\n<meta property=\"article:published_time\" content=\"2026-01-26T09:25:51+00:00\" \/>\n<meta property=\"og:image\" content=\"https:\/\/mairie-manigod.fr\/wp-content\/uploads\/2026\/01\/istockphoto-1801210932-612x612-1.jpg\" \/>\n\t<meta property=\"og:image:width\" content=\"612\" \/>\n\t<meta property=\"og:image:height\" content=\"439\" \/>\n\t<meta property=\"og:image:type\" content=\"image\/jpeg\" \/>\n<meta name=\"author\" content=\"Pauline VEYRAT\" \/>\n<meta name=\"twitter:card\" content=\"summary_large_image\" \/>\n<meta name=\"twitter:label1\" content=\"\u00c9crit par\" \/>\n\t<meta name=\"twitter:data1\" content=\"Pauline VEYRAT\" \/>\n\t<meta name=\"twitter:label2\" content=\"Dur\u00e9e de lecture estim\u00e9e\" \/>\n\t<meta name=\"twitter:data2\" content=\"1 minute\" \/>\n<script type=\"application\/ld+json\" class=\"yoast-schema-graph\">{\"@context\":\"https:\/\/schema.org\",\"@graph\":[{\"@type\":\"Article\",\"@id\":\"https:\/\/mairie-manigod.fr\/index.php\/2026\/01\/26\/deneigement-un-geste-citoyen-pour-la-securite-de-tous\/#article\",\"isPartOf\":{\"@id\":\"https:\/\/mairie-manigod.fr\/index.php\/2026\/01\/26\/deneigement-un-geste-citoyen-pour-la-securite-de-tous\/\"},\"author\":{\"name\":\"Pauline VEYRAT\",\"@id\":\"https:\/\/mairie-manigod.fr\/#\/schema\/person\/4253ec494143e82da2d2c4a80117eb53\"},\"headline\":\"D\u00e9neigement : un geste citoyen pour la s\u00e9curit\u00e9 de tous\",\"datePublished\":\"2026-01-26T09:25:51+00:00\",\"dateModified\":\"2026-01-26T09:25:51+00:00\",\"mainEntityOfPage\":{\"@id\":\"https:\/\/mairie-manigod.fr\/index.php\/2026\/01\/26\/deneigement-un-geste-citoyen-pour-la-securite-de-tous\/\"},\"wordCount\":148,\"publisher\":{\"@id\":\"https:\/\/mairie-manigod.fr\/#organization\"},\"inLanguage\":\"fr-FR\"},{\"@type\":\"WebPage\",\"@id\":\"https:\/\/mairie-manigod.fr\/index.php\/2026\/01\/26\/deneigement-un-geste-citoyen-pour-la-securite-de-tous\/\",\"url\":\"https:\/\/mairie-manigod.fr\/index.php\/2026\/01\/26\/deneigement-un-geste-citoyen-pour-la-securite-de-tous\/\",\"name\":\"D\u00e9neigement : un geste citoyen pour la s\u00e9curit\u00e9 de tous - Mairie de Manigod\",\"isPartOf\":{\"@id\":\"https:\/\/mairie-manigod.fr\/#website\"},\"datePublished\":\"2026-01-26T09:25:51+00:00\",\"dateModified\":\"2026-01-26T09:25:51+00:00\",\"inLanguage\":\"fr-FR\",\"potentialAction\":[{\"@type\":\"ReadAction\",\"target\":[\"https:\/\/mairie-manigod.fr\/index.php\/2026\/01\/26\/deneigement-un-geste-citoyen-pour-la-securite-de-tous\/\"]}]},{\"@type\":\"WebSite\",\"@id\":\"https:\/\/mairie-manigod.fr\/#website\",\"url\":\"https:\/\/mairie-manigod.fr\/\",\"name\":\"Mairie de Manigod\",\"description\":\"Site officiel de la Mairie de Manigod\",\"publisher\":{\"@id\":\"https:\/\/mairie-manigod.fr\/#organization\"},\"potentialAction\":[{\"@type\":\"SearchAction\",\"target\":{\"@type\":\"EntryPoint\",\"urlTemplate\":\"https:\/\/mairie-manigod.fr\/?s={search_term_string}\"},\"query-input\":\"required name=search_term_string\"}],\"inLanguage\":\"fr-FR\"},{\"@type\":\"Organization\",\"@id\":\"https:\/\/mairie-manigod.fr\/#organization\",\"name\":\"Mairie de Manigod\",\"url\":\"https:\/\/mairie-manigod.fr\/\",\"logo\":{\"@type\":\"ImageObject\",\"inLanguage\":\"fr-FR\",\"@id\":\"https:\/\/mairie-manigod.fr\/#\/schema\/logo\/image\/\",\"url\":\"https:\/\/mairie-manigod.fr\/wp-content\/uploads\/2020\/07\/7a01fa1aef2ad52e483cbec5e2883795a6877f38-2nb.png\",\"contentUrl\":\"https:\/\/mairie-manigod.fr\/wp-content\/uploads\/2020\/07\/7a01fa1aef2ad52e483cbec5e2883795a6877f38-2nb.png\",\"width\":1480,\"height\":419,\"caption\":\"Mairie de Manigod\"},\"image\":{\"@id\":\"https:\/\/mairie-manigod.fr\/#\/schema\/logo\/image\/\"}},{\"@type\":\"Person\",\"@id\":\"https:\/\/mairie-manigod.fr\/#\/schema\/person\/4253ec494143e82da2d2c4a80117eb53\",\"name\":\"Pauline VEYRAT\",\"image\":{\"@type\":\"ImageObject\",\"inLanguage\":\"fr-FR\",\"@id\":\"https:\/\/mairie-manigod.fr\/#\/schema\/person\/image\/\",\"url\":\"https:\/\/secure.gravatar.com\/avatar\/b61dc22dc05825b3334c44766afee570e81002a37e9d2efe55b72f02501f0ff1?s=96&d=mm&r=g\",\"contentUrl\":\"https:\/\/secure.gravatar.com\/avatar\/b61dc22dc05825b3334c44766afee570e81002a37e9d2efe55b72f02501f0ff1?s=96&d=mm&r=g\",\"caption\":\"Pauline VEYRAT\"},\"url\":\"https:\/\/mairie-manigod.fr\/index.php\/author\/mairie_pv\/\"}]}<\/script>\n<!-- \/ Yoast SEO plugin. -->","yoast_head_json":{"title":"D\u00e9neigement : un geste citoyen pour la s\u00e9curit\u00e9 de tous - Mairie de Manigod","robots":{"index":"index","follow":"follow","max-snippet":"max-snippet:-1","max-image-preview":"max-image-preview:large","max-video-preview":"max-video-preview:-1"},"canonical":"https:\/\/mairie-manigod.fr\/index.php\/2026\/01\/26\/deneigement-un-geste-citoyen-pour-la-securite-de-tous\/","og_locale":"fr_FR","og_type":"article","og_title":"D\u00e9neigement : un geste citoyen pour la s\u00e9curit\u00e9 de tous - Mairie de Manigod","og_description":"En p\u00e9riode hivernale, chacun est invit\u00e9 \u00e0 d\u00e9neiger devant son habitation. Nous rappelons toutefois qu\u2019il est strictement interdit de rejeter la neige sur la chauss\u00e9e. Cette pratique repr\u00e9sente un danger r\u00e9el pour la circulation, en augmentant les risques de glissade et d\u2019accident pour les automobilistes et les pi\u00e9tons. Par ailleurs, les services municipaux interviennent quotidiennement [&hellip;]","og_url":"https:\/\/mairie-manigod.fr\/index.php\/2026\/01\/26\/deneigement-un-geste-citoyen-pour-la-securite-de-tous\/","og_site_name":"Mairie de Manigod","article_published_time":"2026-01-26T09:25:51+00:00","og_image":[{"width":612,"height":439,"url":"https:\/\/mairie-manigod.fr\/wp-content\/uploads\/2026\/01\/istockphoto-1801210932-612x612-1.jpg","type":"image\/jpeg"}],"author":"Pauline VEYRAT","twitter_card":"summary_large_image","twitter_misc":{"\u00c9crit par":"Pauline VEYRAT","Dur\u00e9e de lecture estim\u00e9e":"1 minute"},"schema":{"@context":"https:\/\/schema.org","@graph":[{"@type":"Article","@id":"https:\/\/mairie-manigod.fr\/index.php\/2026\/01\/26\/deneigement-un-geste-citoyen-pour-la-securite-de-tous\/#article","isPartOf":{"@id":"https:\/\/mairie-manigod.fr\/index.php\/2026\/01\/26\/deneigement-un-geste-citoyen-pour-la-securite-de-tous\/"},"author":{"name":"Pauline VEYRAT","@id":"https:\/\/mairie-manigod.fr\/#\/schema\/person\/4253ec494143e82da2d2c4a80117eb53"},"headline":"D\u00e9neigement : un geste citoyen pour la s\u00e9curit\u00e9 de tous","datePublished":"2026-01-26T09:25:51+00:00","dateModified":"2026-01-26T09:25:51+00:00","mainEntityOfPage":{"@id":"https:\/\/mairie-manigod.fr\/index.php\/2026\/01\/26\/deneigement-un-geste-citoyen-pour-la-securite-de-tous\/"},"wordCount":148,"publisher":{"@id":"https:\/\/mairie-manigod.fr\/#organization"},"inLanguage":"fr-FR"},{"@type":"WebPage","@id":"https:\/\/mairie-manigod.fr\/index.php\/2026\/01\/26\/deneigement-un-geste-citoyen-pour-la-securite-de-tous\/","url":"https:\/\/mairie-manigod.fr\/index.php\/2026\/01\/26\/deneigement-un-geste-citoyen-pour-la-securite-de-tous\/","name":"D\u00e9neigement : un geste citoyen pour la s\u00e9curit\u00e9 de tous - Mairie de Manigod","isPartOf":{"@id":"https:\/\/mairie-manigod.fr\/#website"},"datePublished":"2026-01-26T09:25:51+00:00","dateModified":"2026-01-26T09:25:51+00:00","inLanguage":"fr-FR","potentialAction":[{"@type":"ReadAction","target":["https:\/\/mairie-manigod.fr\/index.php\/2026\/01\/26\/deneigement-un-geste-citoyen-pour-la-securite-de-tous\/"]}]},{"@type":"WebSite","@id":"https:\/\/mairie-manigod.fr\/#website","url":"https:\/\/mairie-manigod.fr\/","name":"Mairie de Manigod","description":"Site officiel de la Mairie de Manigod","publisher":{"@id":"https:\/\/mairie-manigod.fr\/#organization"},"potentialAction":[{"@type":"SearchAction","target":{"@type":"EntryPoint","urlTemplate":"https:\/\/mairie-manigod.fr\/?s={search_term_string}"},"query-input":"required name=search_term_string"}],"inLanguage":"fr-FR"},{"@type":"Organization","@id":"https:\/\/mairie-manigod.fr\/#organization","name":"Mairie de Manigod","url":"https:\/\/mairie-manigod.fr\/","logo":{"@type":"ImageObject","inLanguage":"fr-FR","@id":"https:\/\/mairie-manigod.fr\/#\/schema\/logo\/image\/","url":"https:\/\/mairie-manigod.fr\/wp-content\/uploads\/2020\/07\/7a01fa1aef2ad52e483cbec5e2883795a6877f38-2nb.png","contentUrl":"https:\/\/mairie-manigod.fr\/wp-content\/uploads\/2020\/07\/7a01fa1aef2ad52e483cbec5e2883795a6877f38-2nb.png","width":1480,"height":419,"caption":"Mairie de Manigod"},"image":{"@id":"https:\/\/mairie-manigod.fr\/#\/schema\/logo\/image\/"}},{"@type":"Person","@id":"https:\/\/mairie-manigod.fr\/#\/schema\/person\/4253ec494143e82da2d2c4a80117eb53","name":"Pauline VEYRAT","image":{"@type":"ImageObject","inLanguage":"fr-FR","@id":"https:\/\/mairie-manigod.fr\/#\/schema\/person\/image\/","url":"https:\/\/secure.gravatar.com\/avatar\/b61dc22dc05825b3334c44766afee570e81002a37e9d2efe55b72f02501f0ff1?s=96&d=mm&r=g","contentUrl":"https:\/\/secure.gravatar.com\/avatar\/b61dc22dc05825b3334c44766afee570e81002a37e9d2efe55b72f02501f0ff1?s=96&d=mm&r=g","caption":"Pauline VEYRAT"},"url":"https:\/\/mairie-manigod.fr\/index.php\/author\/mairie_pv\/"}]}},"publishpress_future_action":{"enabled":false,"date":"1970-01-01 01:00:00","action":"","terms":[],"taxonomy":"","browser_timezone_offset":0},"_links":{"self":[{"href":"https:\/\/mairie-manigod.fr\/index.php\/wp-json\/wp\/v2\/posts\/11666","targetHints":{"allow":["GET"]}}],"collection":[{"href":"https:\/\/mairie-manigod.fr\/index.php\/wp-json\/wp\/v2\/posts"}],"about":[{"href":"https:\/\/mairie-manigod.fr\/index.php\/wp-json\/wp\/v2\/types\/post"}],"author":[{"embeddable":true,"href":"https:\/\/mairie-manigod.fr\/index.php\/wp-json\/wp\/v2\/users\/4"}],"replies":[{"embeddable":true,"href":"https:\/\/mairie-manigod.fr\/index.php\/wp-json\/wp\/v2\/comments?post=11666"}],"version-history":[{"count":1,"href":"https:\/\/mairie-manigod.fr\/index.php\/wp-json\/wp\/v2\/posts\/11666\/revisions"}],"predecessor-version":[{"id":11668,"href":"https:\/\/mairie-manigod.fr\/index.php\/wp-json\/wp\/v2\/posts\/11666\/revisions\/11668"}],"wp:featuredmedia":[{"embeddable":true,"href":"https:\/\/mairie-manigod.fr\/index.php\/wp-json\/wp\/v2\/media\/11667"}],"wp:attachment":[{"href":"https:\/\/mairie-manigod.fr\/index.php\/wp-json\/wp\/v2\/media?parent=11666"}],"wp:term":[{"taxonomy":"category","embeddable":true,"href":"https:\/\/mairie-manigod.fr\/index.php\/wp-json\/wp\/v2\/categories?post=11666"},{"taxonomy":"post_tag","embeddable":true,"href":"https:\/\/mairie-manigod.fr\/index.php\/wp-json\/wp\/v2\/tags?post=11666"}],"curies":[{"name":"wp","href":"https:\/\/api.w.org\/{rel}","templated":true}]}}